{"id":871,"date":"2021-09-29T11:47:03","date_gmt":"2021-09-29T09:47:03","guid":{"rendered":"https:\/\/ok5cav.cz\/?p=871"},"modified":"2021-10-07T20:21:21","modified_gmt":"2021-10-07T18:21:21","slug":"sota-ok-od-1-rijna-v-nove-podobe","status":"publish","type":"post","link":"https:\/\/ok5cav.cz\/index.php\/2021\/09\/29\/sota-ok-od-1-rijna-v-nove-podobe\/","title":{"rendered":"SOTA-OK od 1. \u0159\u00edjna v nov\u00e9 podob\u011b"},"content":{"rendered":"\n<p><em>(aktualizov\u00e1no)<\/em><\/p>\n\n\n\n<p>Ten, kdo se zaj\u00edm\u00e1 o aktivity SOTA v\u00ed o turbulentn\u00edch zm\u011bn\u00e1ch, kter\u00e9 prob\u011bhly v posledn\u00ed dob\u011b. Pro v\u0161eobecnou informovanost kop\u00edrujeme informaci, kter\u00e1 pro\u0161la skupinou SOTA-OK na Google Groups. Informaci p\u0159inesl Mirek, OK1CYC, koordin\u00e1tor SOTA-OK. Od 1.10.2021 prob\u011bhnou tyto zm\u011bny.<\/p>\n\n\n\n<ul class=\"wp-block-list\"><li>Ru\u0161\u00ed se kopce OK\/US-070 P\u011bnkav\u010d\u00ed vrch <em>(bez n\u00e1hrady)<\/em>, OK\/LI-063 Str\u017eov\u00fd vrch <em>(v\u00fdm\u011bna za OK\/LI-023)<\/em>, OK\/JC-082 Vysok\u00fd Kam\u00fdk <em>(v\u00fdm\u011bna za OK\/JC-080)<\/em>, OK\/US-074 Kukla <em>(v\u00fdm\u011bna za OK\/US-082)<\/em>, OK\/OL-034 B\u00edl\u00fd K\u00e1men <em>(v\u00fdm\u011bna za OK\/OL-032)<\/em>, OK\/MO-021 Jedlov\u00e1 <em>(v\u00fdm\u011bna za OK\/MO-074)<\/em>.<\/li><li>Znovu obnoveno pod star\u00fdmi referencemi: OK\/LI-023 \u0160pi\u010d\u00e1k, OK\/JC-080 Meheln\u00edk, OK\/OL-032 Bradlo, OK\/ST-019 Velk\u00fd Blan\u00edk, OK\/US-024 D\u011b\u010d\u00ednsk\u00fd Sn\u011b\u017en\u00edk, OK\/JC-010 P\u0159ilba<\/li><li>Nov\u00e9 kopce s nov\u00fdmi referencemi: OK\/US-082 Vrchovina, OK\/JC-133 Skalnat\u00fd h\u0159bet, OK\/MO-074 Jelen\u00ed vrch (v\u00fdm\u011bna za Jedlovou, ex-OK\/MO-021).<\/li><\/ul>\n\n\n\n<p>M\u011bn\u00ed se tak\u00e9 zimn\u00ed bonus. Nov\u011b bude platit od 1.12. do 15.3. (stejn\u00e9 obdob\u00ed jako z v sousedn\u00edch asociac\u00edch DM, OE, SP, OM), a to pro vrcholy s nadmo\u0159skou v\u00fd\u0161kou 700 metr\u016f a v\u00fd\u0161.<\/p>\n","protected":false},"excerpt":{"rendered":"<p>(aktualizov\u00e1no) Ten, kdo se zaj\u00edm\u00e1 o aktivity SOTA v\u00ed o turbulentn\u00edch zm\u011bn\u00e1ch, kter\u00e9 prob\u011bhly v posledn\u00ed dob\u011b. Pro v\u0161eobecnou informovanost kop\u00edrujeme informaci, kter\u00e1 pro\u0161la skupinou SOTA-OK na Google Groups. Informaci p\u0159inesl Mirek, OK1CYC, koordin\u00e1tor SOTA-OK. Od 1.10.2021 prob\u011bhnou tyto zm\u011bny. Ru\u0161\u00ed se kopce OK\/US-070 P\u011bnkav\u010d\u00ed vrch (bez n\u00e1hrady), OK\/LI-063 Str\u017eov\u00fd<span class=\"more-link\"><a href=\"https:\/\/ok5cav.cz\/index.php\/2021\/09\/29\/sota-ok-od-1-rijna-v-nove-podobe\/\">\u010ct\u011bte d\u00e1le&#8230;<\/a><\/span><\/p>\n","protected":false},"author":1,"featured_media":0,"comment_status":"open","ping_status":"open","sticky":false,"template":"","format":"standard","meta":{"footnotes":""},"categories":[52,63,75],"tags":[],"class_list":["entry","author-cavadmin","post-871","post","type-post","status-publish","format-standard","category-aktuality","category-diplomove-programy","category-sota"],"_links":{"self":[{"href":"https:\/\/ok5cav.cz\/index.php\/wp-json\/wp\/v2\/posts\/871"}],"collection":[{"href":"https:\/\/ok5cav.cz\/index.php\/wp-json\/wp\/v2\/posts"}],"about":[{"href":"https:\/\/ok5cav.cz\/index.php\/wp-json\/wp\/v2\/types\/post"}],"author":[{"embeddable":true,"href":"https:\/\/ok5cav.cz\/index.php\/wp-json\/wp\/v2\/users\/1"}],"replies":[{"embeddable":true,"href":"https:\/\/ok5cav.cz\/index.php\/wp-json\/wp\/v2\/comments?post=871"}],"version-history":[{"count":3,"href":"https:\/\/ok5cav.cz\/index.php\/wp-json\/wp\/v2\/posts\/871\/revisions"}],"predecessor-version":[{"id":881,"href":"https:\/\/ok5cav.cz\/index.php\/wp-json\/wp\/v2\/posts\/871\/revisions\/881"}],"wp:attachment":[{"href":"https:\/\/ok5cav.cz\/index.php\/wp-json\/wp\/v2\/media?parent=871"}],"wp:term":[{"taxonomy":"category","embeddable":true,"href":"https:\/\/ok5cav.cz\/index.php\/wp-json\/wp\/v2\/categories?post=871"},{"taxonomy":"post_tag","embeddable":true,"href":"https:\/\/ok5cav.cz\/index.php\/wp-json\/wp\/v2\/tags?post=871"}],"curies":[{"name":"wp","href":"https:\/\/api.w.org\/{rel}","templated":true}]}}