{"id":737,"date":"2021-08-02T19:12:46","date_gmt":"2021-08-02T17:12:46","guid":{"rendered":"https:\/\/ok5cav.cz\/?p=737"},"modified":"2021-10-01T17:16:27","modified_gmt":"2021-10-01T15:16:27","slug":"pozvanka-na-letni-qrp-zavod-na-vkv","status":"publish","type":"post","link":"https:\/\/ok5cav.cz\/index.php\/2021\/08\/02\/pozvanka-na-letni-qrp-zavod-na-vkv\/","title":{"rendered":"Pozv\u00e1nka na Letn\u00ed QRP z\u00e1vod na VKV"},"content":{"rendered":"\n<p>Zvu v\u0161echny p\u0159\u00edznivce pr\u00e1ce na VKV bez ru\u0161en\u00ed od QRO stanic na Letn\u00ed QRP z\u00e1vod na VKV v ned\u011bli 08.08.2021. Podm\u00ednky z\u00e1vodu jsou na <a href=\"http:\/\/www.c-a-v.com\/news.php?extend.1212\">[odkaz]<\/a><\/p>\n\n\n\n<p>Letos m\u016f\u017ee b\u00fdt zcela jakkoli. Jedin\u00e9, co m\u016f\u017eu p\u0159isl\u00edbit je, \u017ee nebude chumelit. P\u0159izn\u00e1m se, \u017ee i to s ur\u010dit\u00fdm v\u00e1h\u00e1n\u00edm. M\u016f\u017eu jen poradit, abyste se v sobotu pod\u00edvali na p\u0159edpov\u011b\u010f, porovnali s informacemi od vlastn\u00edho kolena a pro jistotu vzali s sebou celtu\/pl\u00e1\u0161t\u011bnku\/bundu. Sou\u010dasn\u011b i hodn\u011b vody, m\u016f\u017ee b\u00fdt pa\u0159\u00e1k.<\/p>\n\n\n\n<p>Pokud vyjde po\u010das\u00ed, tak by mohly b\u00fdt podm\u00ednky pro spojen\u00ed do S5, 9A, YU, YO, I. Tato spojen\u00ed se daj\u00ed ud\u011blat s 10W. Stanice tam budou.<\/p>\n\n\n\n<p>Na sly\u0161enou na p\u00e1smu!<\/p>\n\n\n\n<p>Pros\u00edm QRO stanice, aby protentokr\u00e1t nezap\u00ednaly sv\u00e9 silostroje a \u0161et\u0159ili na \u00fa\u010dtu za elekt\u0159inu. D\u011bkuji.<\/p>\n\n\n\n<p>GL! Mirek OK1DOM<\/p>\n","protected":false},"excerpt":{"rendered":"<p>Zvu v\u0161echny p\u0159\u00edznivce pr\u00e1ce na VKV bez ru\u0161en\u00ed od QRO stanic na Letn\u00ed QRP z\u00e1vod na VKV v ned\u011bli 08.08.2021. Podm\u00ednky z\u00e1vodu jsou na [odkaz] Letos m\u016f\u017ee b\u00fdt zcela jakkoli. Jedin\u00e9, co m\u016f\u017eu p\u0159isl\u00edbit je, \u017ee nebude chumelit. P\u0159izn\u00e1m se, \u017ee i to s ur\u010dit\u00fdm v\u00e1h\u00e1n\u00edm. M\u016f\u017eu jen poradit, abyste<span class=\"more-link\"><a href=\"https:\/\/ok5cav.cz\/index.php\/2021\/08\/02\/pozvanka-na-letni-qrp-zavod-na-vkv\/\">\u010ct\u011bte d\u00e1le&#8230;<\/a><\/span><\/p>\n","protected":false},"author":2,"featured_media":0,"comment_status":"open","ping_status":"open","sticky":false,"template":"","format":"standard","meta":{"footnotes":""},"categories":[52,40],"tags":[],"class_list":["entry","author-ok1dom","post-737","post","type-post","status-publish","format-standard","category-aktuality","category-zavody"],"_links":{"self":[{"href":"https:\/\/ok5cav.cz\/index.php\/wp-json\/wp\/v2\/posts\/737"}],"collection":[{"href":"https:\/\/ok5cav.cz\/index.php\/wp-json\/wp\/v2\/posts"}],"about":[{"href":"https:\/\/ok5cav.cz\/index.php\/wp-json\/wp\/v2\/types\/post"}],"author":[{"embeddable":true,"href":"https:\/\/ok5cav.cz\/index.php\/wp-json\/wp\/v2\/users\/2"}],"replies":[{"embeddable":true,"href":"https:\/\/ok5cav.cz\/index.php\/wp-json\/wp\/v2\/comments?post=737"}],"version-history":[{"count":1,"href":"https:\/\/ok5cav.cz\/index.php\/wp-json\/wp\/v2\/posts\/737\/revisions"}],"predecessor-version":[{"id":738,"href":"https:\/\/ok5cav.cz\/index.php\/wp-json\/wp\/v2\/posts\/737\/revisions\/738"}],"wp:attachment":[{"href":"https:\/\/ok5cav.cz\/index.php\/wp-json\/wp\/v2\/media?parent=737"}],"wp:term":[{"taxonomy":"category","embeddable":true,"href":"https:\/\/ok5cav.cz\/index.php\/wp-json\/wp\/v2\/categories?post=737"},{"taxonomy":"post_tag","embeddable":true,"href":"https:\/\/ok5cav.cz\/index.php\/wp-json\/wp\/v2\/tags?post=737"}],"curies":[{"name":"wp","href":"https:\/\/api.w.org\/{rel}","templated":true}]}}