{"id":695,"date":"2020-02-15T13:52:29","date_gmt":"2020-02-15T12:52:29","guid":{"rendered":"https:\/\/ok5cav.cz\/?p=695"},"modified":"2020-02-15T14:17:22","modified_gmt":"2020-02-15T13:17:22","slug":"vzor-uspesne-zadosti-o-nova-pasma-474-khz-5-mhz-a-70-mhz","status":"publish","type":"post","link":"https:\/\/ok5cav.cz\/index.php\/2020\/02\/15\/vzor-uspesne-zadosti-o-nova-pasma-474-khz-5-mhz-a-70-mhz\/","title":{"rendered":"Vzor (\u00fasp\u011b\u0161n\u00e9) \u017e\u00e1dosti o &#8222;nov\u00e1 p\u00e1sma&#8220; 474 KHz, 5 MHz a 70 MHz"},"content":{"rendered":"\n<p>Po cel\u00fd minul\u00fd rok \u010de\u0161t\u00ed radioamat\u00e9\u0159i trp\u011bliv\u011b \u010dekali, a\u017e vyjde novelizace <a href=\"https:\/\/ok5cav.cz\/static\/ok-2005-156-2005.html\">Vyhl\u00e1\u0161ky 156\/2005 Sb.<\/a>, proto\u017ee jej\u00ed sou\u010d\u00e1st\u00ed je i tabulka povolen\u00fdch p\u00e1sem. P\u0159esto\u017ee nov\u00e1 p\u00e1sma 474 KHz (630m), 5,3 MHz (60m) a 70 MHz (4m) jsou ji\u017e od roku 2018 v N\u00e1rodn\u00ed kmito\u010dtov\u00e9 tabulce podru\u017en\u011b p\u0159id\u011blena amat\u00e9rsk\u00e9 radiokomunika\u010dn\u00ed slu\u017eb\u011b, kv\u016fli absenci t\u011bchto p\u00e1sem ve vyhl\u00e1\u0161ce na nich nelze leg\u00e1ln\u011b provozovat stanici v r\u00e1mci b\u011b\u017en\u00e9ho opr\u00e1vn\u011bn\u00ed.<\/p>\n\n\n\n<!--more-->\n\n\n\n<p>Av\u0161ak vzhledem k tomu, \u017ee p\u0159\u00edd\u011bl t\u011bchto p\u00e1sem radioamat\u00e9r\u016fm plat\u00ed, neexistuje \u017e\u00e1dn\u00fd d\u016fvod, pro\u010d by m\u011bl \u010cT\u00da odep\u0159\u00edt p\u0159\u00edstup na tato p\u00e1sma. \u0158e\u0161en\u00edm je zvl\u00e1\u0161tn\u00ed \u017e\u00e1dost o individu\u00e1ln\u00ed opr\u00e1vn\u011bn\u00ed speci\u00e1ln\u011b pro tato p\u00e1sma.<\/p>\n\n\n\n<p>Vzor textu \u017e\u00e1dosti, kter\u00e1 byla \u00fasp\u011b\u0161n\u011b vy\u0159\u00edzena:<\/p>\n\n\n\n<div style=\"font-size: 75%; border: 1px solid #999; margin: 1ex; padding: 1ex \">\n<p>\u010cesk\u00fd telekomunika\u010dn\u00ed \u00fa\u0159ad<br>\nSokolovsk\u00e1 219<br>\n190 00 Praha 9<\/p>\n\n<b>\u017d\u00e1dost o ud\u011blen\u00ed individu\u00e1ln\u00edho opr\u00e1vn\u011bn\u00ed k vyu\u017e\u00edv\u00e1n\u00ed r\u00e1diov\u00fdch kmito\u010dt\u016f amat\u00e9rsk\u00e9 radiokomunika\u010dn\u00ed slu\u017eby pro experiment\u00e1ln\u00ed \u00fa\u010dely<\/b>\n<p>\n\u017d\u00e1d\u00e1m o ud\u011blen\u00ed individu\u00e1ln\u00edho opr\u00e1vn\u011bn\u00ed k vyu\u017e\u00edv\u00e1n\u00ed r\u00e1diov\u00fdch kmito\u010dt\u016f amat\u00e9rsk\u00e9 radiokomunika\u010dn\u00ed slu\u017eby pro experiment\u00e1ln\u00ed \u00fa\u010dely, a to na dobu platnosti do 30.4.2023.<sup>1)<\/p>\n<p>\u00dadaje o \u017eadateli:<\/p>\n<i>(jm\u00e9no a p\u0159\u00edjmen\u00ed)<\/i>, nar. <i>(datum narozen\u00ed)<\/i>, trval\u00e9 bydli\u0161t\u011b <i>(adresa)<\/i>\n\u010c. pr\u016fkazu HAREC: <i>(\u010d\u00edslo va\u0161eho HAREC)<\/i> (t\u0159\u00edda CEPT), vyd\u00e1n \u010cT\u00da <i>(m\u016f\u017eete uv\u00e9st datum vyd\u00e1n\u00ed)<\/i>.\n<p>Dr\u017eitel individu\u00e1ln\u00edho opr\u00e1vn\u011bn\u00ed k vyu\u017e\u00edv\u00e1n\u00ed r\u00e1diov\u00fdch kmito\u010dt\u016f ARS \u010d. &#8230;.. , p\u0159id\u011blen\u00fd volac\u00ed znak OK&#8230; .<\/p>\n<p>\u00dadaje o po\u017eadovan\u00fdch kmito\u010dtech, dle vyhl\u00e1\u0161ky 105\/2010 Sb. v platn\u00e9m zn\u011bn\u00ed:\n<ul>\n<li>472 KHz a\u017e 479 KHz<\/li>\n<li>5351,5 KHz a\u017e 5366,5 KHz<\/li>\n<li>70,1 MHz a\u017e 70,3 MHz<\/li>\n<\/ol>\n<\/p>\n<p>Kontaktn\u00ed \u00fadaje:<\/p>\n<p>Datov\u00e1 schr\u00e1nka: xxxxxxxx<\/p>\n<p>Pros\u00edm o zas\u00edl\u00e1n\u00ed p\u00edsemnost\u00ed v pap\u00edrov\u00e9 podob\u011b na tuto koresponden\u010dn\u00ed adresu:<\/p>\n<p><i>(adresa)<\/i><\/p>\n<p>Kontaktn\u00ed telefon: <i>(telefonn\u00ed \u010d\u00edslo)<\/i><\/p>\n<p>E-mail: <i>(e-mailov\u00e1 adresa)<\/i><\/p>\n<p>D\u011bkuji.<\/p>\nV Praze, 15.1.2020 <i>atd.<\/i>\n<\/div>\n\n\n\n<p style=\"font-size: 80%\">Pozn\u00e1mka 1) &#8211; \u017eadatel p\u0159edpokl\u00e1dal, \u017ee opr\u00e1vn\u011bn\u00ed bude ud\u011bleno na dobu platnosti &#8222;hlavn\u00ed&#8220; koncese, odtud tedy odpov\u00eddaj\u00edc\u00ed datum.<\/p>\n\n\n\n<p>\u017d\u00e1dost byla vy\u0159\u00edzena kladn\u011b, s n\u011bkolika drobn\u00fdmi nep\u0159\u00edjemnostmi:<\/p>\n\n\n\n<ol class=\"wp-block-list\"><li>Referent \u010cT\u00da (pan Novotn\u00fd) se zdr\u00e1hal kv\u016fli p\u00e1smu 474 KHz, nebo\u0165 u n\u011bj je pozn\u00e1mka o tom, \u017ee regul\u00e1tor mus\u00ed zajistit, aby nebyl ru\u0161en kmito\u010det 490 KHz (kter\u00fd nele\u017e\u00ed v tomto p\u00e1smu). Pozn\u00e1mka se zjevn\u011b t\u00fdk\u00e1 opce, podle n\u00ed\u017e by regul\u00e1tor mohl p\u0159id\u011blit v\u011bt\u0161\u00ed \u00fasek p\u00e1sma ARS. Tato situace v \u010cR nenastala, proto je dan\u00e1 pozn\u00e1mka nepodstatn\u00e1 a pokud budete \u017e\u00e1dat o p\u00e1smo 474 KHz, p\u0159i komunikaci s \u010cT\u00da trvejte na tom, \u017ee dan\u00fd kmito\u010det nele\u017e\u00ed ve v\u00e1mi po\u017eadovan\u00e9m p\u00e1smu.<\/li><li>\u010cT\u00da z n\u011bjak\u00e9ho m\u00e1lo pochopiteln\u00e9ho d\u016fvodu trv\u00e1 na tom, \u017ee pro ka\u017ed\u00e9 p\u00e1smo vystav\u00ed samostatn\u00e9 Opr\u00e1vn\u011bn\u00ed. Z hlediska toho, \u017ee pos\u00edl\u00e1te jedin\u00fd dokument, i z hlediska platn\u00e9 N\u00e1rodn\u00ed kmito\u010dtov\u00e9 tabulky je to sice nesmysl (za p\u00e1sma od 135 KHz a\u017e po mikrovlny taky neplat\u00edte za ka\u017ed\u00e9 p\u00e1smo p\u011btistovku), ale dokud se n\u00e1m nepoda\u0159\u00ed tuto z\u00e1le\u017eitost projednat s \u010cT\u00da, pravd\u011bpodobn\u011b to neuh\u00e1d\u00e1te.<\/li><\/ol>\n\n\n\n<p>Na vystaven\u00e9m opr\u00e1vn\u011bn\u00ed jsou pak uvedeny pozn\u00e1mky up\u0159es\u0148uj\u00edc\u00ed maxim\u00e1ln\u00ed povolen\u00fd v\u00fdkon a dal\u0161\u00ed podrobnosti pot\u0159ebn\u00e9 k veden\u00ed provozu v souladu s mezin\u00e1rodn\u00edmi dohodami.<\/p>\n","protected":false},"excerpt":{"rendered":"<p>Po cel\u00fd minul\u00fd rok \u010de\u0161t\u00ed radioamat\u00e9\u0159i trp\u011bliv\u011b \u010dekali, a\u017e vyjde novelizace Vyhl\u00e1\u0161ky 156\/2005 Sb., proto\u017ee jej\u00ed sou\u010d\u00e1st\u00ed je i tabulka povolen\u00fdch p\u00e1sem. P\u0159esto\u017ee nov\u00e1 p\u00e1sma 474 KHz (630m), 5,3 MHz (60m) a 70 MHz (4m) jsou ji\u017e od roku 2018 v N\u00e1rodn\u00ed kmito\u010dtov\u00e9 tabulce podru\u017en\u011b p\u0159id\u011blena amat\u00e9rsk\u00e9 radiokomunika\u010dn\u00ed slu\u017eb\u011b, kv\u016fli<span class=\"more-link\"><a href=\"https:\/\/ok5cav.cz\/index.php\/2020\/02\/15\/vzor-uspesne-zadosti-o-nova-pasma-474-khz-5-mhz-a-70-mhz\/\">\u010ct\u011bte d\u00e1le&#8230;<\/a><\/span><\/p>\n","protected":false},"author":3,"featured_media":0,"comment_status":"open","ping_status":"open","sticky":false,"template":"","format":"standard","meta":{"footnotes":""},"categories":[51],"tags":[50,49],"class_list":["entry","author-ok4rm","has-more-link","post-695","post","type-post","status-publish","format-standard","category-pravni-poradna","tag-4m","tag-60m"],"_links":{"self":[{"href":"https:\/\/ok5cav.cz\/index.php\/wp-json\/wp\/v2\/posts\/695"}],"collection":[{"href":"https:\/\/ok5cav.cz\/index.php\/wp-json\/wp\/v2\/posts"}],"about":[{"href":"https:\/\/ok5cav.cz\/index.php\/wp-json\/wp\/v2\/types\/post"}],"author":[{"embeddable":true,"href":"https:\/\/ok5cav.cz\/index.php\/wp-json\/wp\/v2\/users\/3"}],"replies":[{"embeddable":true,"href":"https:\/\/ok5cav.cz\/index.php\/wp-json\/wp\/v2\/comments?post=695"}],"version-history":[{"count":3,"href":"https:\/\/ok5cav.cz\/index.php\/wp-json\/wp\/v2\/posts\/695\/revisions"}],"predecessor-version":[{"id":701,"href":"https:\/\/ok5cav.cz\/index.php\/wp-json\/wp\/v2\/posts\/695\/revisions\/701"}],"wp:attachment":[{"href":"https:\/\/ok5cav.cz\/index.php\/wp-json\/wp\/v2\/media?parent=695"}],"wp:term":[{"taxonomy":"category","embeddable":true,"href":"https:\/\/ok5cav.cz\/index.php\/wp-json\/wp\/v2\/categories?post=695"},{"taxonomy":"post_tag","embeddable":true,"href":"https:\/\/ok5cav.cz\/index.php\/wp-json\/wp\/v2\/tags?post=695"}],"curies":[{"name":"wp","href":"https:\/\/api.w.org\/{rel}","templated":true}]}}