{"id":466,"date":"2019-03-04T05:00:56","date_gmt":"2019-03-04T04:00:56","guid":{"rendered":"http:\/\/ok5cav.cz\/?p=466"},"modified":"2019-03-04T07:27:26","modified_gmt":"2019-03-04T06:27:26","slug":"ohlednuti-za-uvodem-roku-2019","status":"publish","type":"post","link":"https:\/\/ok5cav.cz\/index.php\/2019\/03\/04\/ohlednuti-za-uvodem-roku-2019\/","title":{"rendered":"Ohl\u00e9dnut\u00ed za \u00favodem roku 2019"},"content":{"rendered":"\n<p>Mil\u00ed p\u0159\u00e1tel\u00e9, dovolte mi kr\u00e1tce shrnout \u017eivot \u010cAV za prvn\u00ed dva m\u011bs\u00edce roku 2019.<\/p>\n\n\n\n<figure class=\"wp-block-image\"><img loading=\"lazy\" decoding=\"async\" width=\"2592\" height=\"1944\" src=\"http:\/\/ok5cav.cz\/wp-content\/uploads\/2019\/03\/OL120AB-190228-PTEST.jpg\" alt=\"\" class=\"wp-image-487\"\/><figcaption>Improvizovan\u00e9 pracovi\u0161t\u011b OL120AB v Michalovic\u00edch (pohotovostn\u00ed z\u00e1vod 50 MHz)<\/figcaption><\/figure>\n\n\n\n<p>V lednu vznikla akce Pravoslav Moty\u010dka 120 let, kter\u00e1 st\u00e1le prob\u00edh\u00e1, a to a\u017e do 19.5.2019. Na zna\u010dku OL120AB ji\u017e bylo nav\u00e1z\u00e1no p\u0159es 4000 spojen\u00ed. Na provozu se pod\u00edlej\u00ed \u010dlenov\u00e9 i ne\u010dlenov\u00e9 \u010cAV: OK2RZ (p\u0159es 3000 QSO), OK1DOM, OK4RM, OK1TEH, OK1IN, OK1CJB, OK1FPG. Nem\u00e9n\u011b d\u016fle\u017eit\u00e1 je i spolkov\u00e1 stanice OK5CAV, kter\u00e1 p\u0159in\u00e1\u0161\u00ed lovc\u016fm diplomu dal\u0161\u00ed porci bod\u016f, a za jej\u00ed\u017e provoz bych cht\u011bl pod\u011bkovat hlavn\u011b  OK1WT, OK1FAB, OK1UU, OK1IVU. Dle mo\u017enost\u00ed se z\u00fa\u010dast\u0148ujeme pod ob\u011bma zna\u010dkami vnitrost\u00e1tn\u00edch z\u00e1vod\u016f: VKV PA, aktu\u00e1ln\u011b I. subregion\u00e1l (ob\u011b zna\u010dky), ned\u00e1vn\u00fd z\u00e1vod na 50 MHz, SSB Liga a dal\u0161\u00ed. Cht\u011bl bych poprosit dal\u0161\u00ed \u010dleny, aby se nestyd\u011bli hl\u00e1sit, zejm\u00e9na k provozu OK5CAV.<\/p>\n\n\n\n<figure class=\"wp-block-image\"><img loading=\"lazy\" decoding=\"async\" width=\"1000\" height=\"750\" src=\"http:\/\/ok5cav.cz\/wp-content\/uploads\/2019\/03\/P2230532.jpg\" alt=\"\" class=\"wp-image-489\"\/><figcaption>Valn\u00e1 hromada 23.2.2019. Zleva OK1JKV, OK1UU, OK4RM, OK1DIX, OK1NOP (\u010d\u00e1ste\u010dn\u011b zakryt notebookem), OK1PC(?), OK1PM.<\/figcaption><\/figure>\n\n\n\n<p>V sobotu 23.2.2019 v p\u0159\u00edjemn\u00e9m prost\u0159ed\u00ed hotelu Svornost prob\u011bhla Valn\u00e1 hromada \u010cAV. V sal\u00f3nku &#8222;U krbu&#8220; se se\u0161lo 19 \u010dlen\u016f \u010cAV a dva host\u00e9. Valn\u00e1 hromada zvolila nov\u00fd v\u00fdbor ve slo\u017een\u00ed: Jindra, OK4RM, p\u0159edseda, Honza, OK1UU, m\u00edstop\u0159edseda, Jano, OM3ID, \u010dlen v\u00fdboru za OM amat\u00e9ry, Lud\u011bk, OK5AM, \u010dlen v\u00fdboru pro styk s DHS a z\u00e1chrann\u00fdmi slo\u017ekami. D\u00e1le valn\u00e1 hromada upravila Stanovy \u010cAV tak, aby byly v souladu s NOZ. a schv\u00e1lila d\u016fle\u017eitou zm\u011bnu: p\u0159ejmenov\u00e1n\u00ed spolku na \u010cAV &#8211; \u010ceskosloven\u0161t\u00ed amat\u00e9\u0159i vys\u00edla\u010di.<\/p>\n\n\n\n<p>Ofici\u00e1ln\u00ed dokumenty valn\u00e9 hromady budou p\u0159ipraveny v pr\u016fb\u011bhu p\u0159\u00ed\u0161t\u00edho t\u00fddne (Honza, OK1UU, byl cel\u00fd t\u00fdden pracovn\u011b mimo Prahu) a pot\u00e9 zve\u0159ejn\u00edme dal\u0161\u00ed podrobnosti.<\/p>\n\n\n\n<p>D\u00e1le se k n\u00e1m v prvn\u00edch dvou m\u011bs\u00edc\u00edch roku 2019 p\u0159idali \u010dty\u0159i nov\u00ed \u010dlenov\u00e9: Dana, OK1ZKR, Ale\u0161, OK2AK, Zden\u011bk, OK7DR a Hubert, OK1MHU. Danu si jist\u011b pamatujete jako inici\u00e1torku akce OL90ITALIA, nejv\u011bt\u0161\u00ed radioamat\u00e9rsk\u00e9 akce od konce 2. sv\u011btov\u00e9 v\u00e1lky.<\/p>\n","protected":false},"excerpt":{"rendered":"<p>Mil\u00ed p\u0159\u00e1tel\u00e9, dovolte mi kr\u00e1tce shrnout \u017eivot \u010cAV za prvn\u00ed dva m\u011bs\u00edce roku 2019. V lednu vznikla akce Pravoslav Moty\u010dka 120 let, kter\u00e1 st\u00e1le prob\u00edh\u00e1, a to a\u017e do 19.5.2019. Na zna\u010dku OL120AB ji\u017e bylo nav\u00e1z\u00e1no p\u0159es 4000 spojen\u00ed. Na provozu se pod\u00edlej\u00ed \u010dlenov\u00e9 i ne\u010dlenov\u00e9 \u010cAV: OK2RZ (p\u0159es 3000<span class=\"more-link\"><a href=\"https:\/\/ok5cav.cz\/index.php\/2019\/03\/04\/ohlednuti-za-uvodem-roku-2019\/\">\u010ct\u011bte d\u00e1le&#8230;<\/a><\/span><\/p>\n","protected":false},"author":3,"featured_media":0,"comment_status":"open","ping_status":"open","sticky":false,"template":"","format":"standard","meta":{"footnotes":""},"categories":[3,20],"tags":[],"class_list":["entry","author-ok4rm","post-466","post","type-post","status-publish","format-standard","category-novinky","category-zivot-spolku"],"_links":{"self":[{"href":"https:\/\/ok5cav.cz\/index.php\/wp-json\/wp\/v2\/posts\/466"}],"collection":[{"href":"https:\/\/ok5cav.cz\/index.php\/wp-json\/wp\/v2\/posts"}],"about":[{"href":"https:\/\/ok5cav.cz\/index.php\/wp-json\/wp\/v2\/types\/post"}],"author":[{"embeddable":true,"href":"https:\/\/ok5cav.cz\/index.php\/wp-json\/wp\/v2\/users\/3"}],"replies":[{"embeddable":true,"href":"https:\/\/ok5cav.cz\/index.php\/wp-json\/wp\/v2\/comments?post=466"}],"version-history":[{"count":3,"href":"https:\/\/ok5cav.cz\/index.php\/wp-json\/wp\/v2\/posts\/466\/revisions"}],"predecessor-version":[{"id":490,"href":"https:\/\/ok5cav.cz\/index.php\/wp-json\/wp\/v2\/posts\/466\/revisions\/490"}],"wp:attachment":[{"href":"https:\/\/ok5cav.cz\/index.php\/wp-json\/wp\/v2\/media?parent=466"}],"wp:term":[{"taxonomy":"category","embeddable":true,"href":"https:\/\/ok5cav.cz\/index.php\/wp-json\/wp\/v2\/categories?post=466"},{"taxonomy":"post_tag","embeddable":true,"href":"https:\/\/ok5cav.cz\/index.php\/wp-json\/wp\/v2\/tags?post=466"}],"curies":[{"name":"wp","href":"https:\/\/api.w.org\/{rel}","templated":true}]}}