{"id":439,"date":"2019-02-26T09:25:48","date_gmt":"2019-02-26T08:25:48","guid":{"rendered":"http:\/\/ok5cav.cz\/?p=439"},"modified":"2019-02-26T09:25:48","modified_gmt":"2019-02-26T08:25:48","slug":"koordinace-aktivity-ol120ab-ok5cav","status":"publish","type":"post","link":"https:\/\/ok5cav.cz\/index.php\/2019\/02\/26\/koordinace-aktivity-ol120ab-ok5cav\/","title":{"rendered":"Koordinace aktivity OL120AB, OK5CAV"},"content":{"rendered":"\n<p>V\u00e1\u017een\u00ed p\u0159\u00e1tel\u00e9, na jedn\u00e9 stran\u011b ob\u010das sly\u0161\u00edme st\u00ed\u017enosti, \u017ee nen\u00ed mo\u017en\u00e9 ud\u011blat spojen\u00ed s OL120AB (nebo OK5CAV), na druh\u00e9 stran\u011b si zase st\u011b\u017euj\u00ed oper\u00e1to\u0159i, \u017ee o spojen\u00ed s nimi nen\u00ed z\u00e1jem. \u010casto se stane, \u017ee b\u011bhem jedn\u00e9 seance zavol\u00e1 jedin\u00e1 OK stanice nebo dokonce ani jedna.<\/p>\n\n\n\n<h3 class=\"wp-block-heading\">Provoz PSK31<\/h3>\n\n\n\n<p>V\u0161em z\u00e1jemc\u016fm tedy p\u0159ipom\u00edn\u00e1m, \u017ee v pond\u011bl\u00ed a\u017e \u010dtvrtek bude OL120AB v\u017edy od 1800 do 1830 UTC a v sobotu mezi 0800 a 0900 UTC na KV p\u00e1smech provozem <a href=\"http:\/\/ok5cav.cz\/index.php\/2019\/02\/22\/ol120ab-rozsireni-provozu-o-digitalni-pulhodinky\/\">PSK31.<\/a><\/p>\n\n\n\n<p>Nev\u00e1hejte tedy\na volejte. V\u00fdsledky ze soboty jsou nevaln\u00e9, volaly asi jen dv\u011b OK stanice (a\nm\u00e1m dojem, \u017ee ob\u011b u\u017e spojen\u00ed s OL120AB m\u011bly).<\/p>\n\n\n\n<h3 class=\"wp-block-heading\">Po\u017eadavky na skedy<\/h3>\n\n\n\n<p>Jeliko\u017e asi bude nutn\u00e9 aktivity rozumn\u00fdm zp\u016fsobem koordinovat, pi\u0161te, pros\u00edm, po\u017eadavky na skedy s OL120AB nebo OK5CAV na adresu <a href=\"mailto:ok4rm@c-a-v.com\">ok4rm@c-a-v.com<\/a>, p\u0159edm\u011bt &#8222;<strong>OL120AB SKED<\/strong>&#8220; nebo &#8222;<strong>OK5CAV sked<\/strong>&#8220; a preferovan\u00fd den v t\u00fddnu a \u010das, p\u0159\u00edpadn\u011b p\u00e1smo. P\u0159edpokl\u00e1d\u00e1 se, \u017ee v\u011bt\u0161inou se bude jednat o 80m CW, dok\u00e1\u017eeme bez probl\u00e9m\u016f zajistit i 40m. Lze domluvit i p\u00e1sma 160m a 30m, ale letos se n\u011bjak \u0161patn\u011b se\u0161lo po\u010das\u00ed a cel\u00e1 \u0159ada potenci\u00e1ln\u00edch oper\u00e1tor\u016f nem\u00e1 pro p\u00e1smo 160m funguj\u00edc\u00ed ant\u00e9nu. <\/p>\n\n\n\n<p>Po\u017eadavky budeme zhruba dva t\u00fddny sb\u00edrat a potom ozn\u00e1m\u00edme &#8222;hromadnou akci&#8220;, kdy bude OL120AB resp. OK5CAV k dispozici po dobu nap\u0159. dvou hodin v\u0161em z\u00e1jemc\u016fm, v \u010dase, kter\u00fd bude pro v\u011bechny nejv\u00edce vyhovuj\u00edc\u00ed.<\/p>\n\n\n\n<h3 class=\"wp-block-heading\">VKV z\u00e1vody<\/h3>\n\n\n\n<p>Krom\u011b toho se ob\u011b zna\u010dky objevuj\u00ed v n\u011bkter\u00fdch VKV z\u00e1vodech. Nejbli\u017e\u0161\u00ed bude OL120AB v 1. subregion\u00e1lu v p\u00e1smu 144 MHz. Mo\u017en\u00e1 je i \u00fa\u010dast OK5CAV v p\u00e1smu 70 cm, pokud ant\u00e9nn\u00ed vybaven\u00ed v po\u0159\u00e1dku p\u0159e\u017eilo leto\u0161n\u00ed zimu.<\/p>\n","protected":false},"excerpt":{"rendered":"<p>V\u00e1\u017een\u00ed p\u0159\u00e1tel\u00e9, na jedn\u00e9 stran\u011b ob\u010das sly\u0161\u00edme st\u00ed\u017enosti, \u017ee nen\u00ed mo\u017en\u00e9 ud\u011blat spojen\u00ed s OL120AB (nebo OK5CAV), na druh\u00e9 stran\u011b si zase st\u011b\u017euj\u00ed oper\u00e1to\u0159i, \u017ee o spojen\u00ed s nimi nen\u00ed z\u00e1jem. \u010casto se stane, \u017ee b\u011bhem jedn\u00e9 seance zavol\u00e1 jedin\u00e1 OK stanice nebo dokonce ani jedna. Provoz PSK31 V\u0161em z\u00e1jemc\u016fm<span class=\"more-link\"><a href=\"https:\/\/ok5cav.cz\/index.php\/2019\/02\/26\/koordinace-aktivity-ol120ab-ok5cav\/\">\u010ct\u011bte d\u00e1le&#8230;<\/a><\/span><\/p>\n","protected":false},"author":3,"featured_media":0,"comment_status":"open","ping_status":"open","sticky":false,"template":"","format":"standard","meta":{"footnotes":""},"categories":[3],"tags":[],"class_list":["entry","author-ok4rm","post-439","post","type-post","status-publish","format-standard","category-novinky"],"_links":{"self":[{"href":"https:\/\/ok5cav.cz\/index.php\/wp-json\/wp\/v2\/posts\/439"}],"collection":[{"href":"https:\/\/ok5cav.cz\/index.php\/wp-json\/wp\/v2\/posts"}],"about":[{"href":"https:\/\/ok5cav.cz\/index.php\/wp-json\/wp\/v2\/types\/post"}],"author":[{"embeddable":true,"href":"https:\/\/ok5cav.cz\/index.php\/wp-json\/wp\/v2\/users\/3"}],"replies":[{"embeddable":true,"href":"https:\/\/ok5cav.cz\/index.php\/wp-json\/wp\/v2\/comments?post=439"}],"version-history":[{"count":1,"href":"https:\/\/ok5cav.cz\/index.php\/wp-json\/wp\/v2\/posts\/439\/revisions"}],"predecessor-version":[{"id":440,"href":"https:\/\/ok5cav.cz\/index.php\/wp-json\/wp\/v2\/posts\/439\/revisions\/440"}],"wp:attachment":[{"href":"https:\/\/ok5cav.cz\/index.php\/wp-json\/wp\/v2\/media?parent=439"}],"wp:term":[{"taxonomy":"category","embeddable":true,"href":"https:\/\/ok5cav.cz\/index.php\/wp-json\/wp\/v2\/categories?post=439"},{"taxonomy":"post_tag","embeddable":true,"href":"https:\/\/ok5cav.cz\/index.php\/wp-json\/wp\/v2\/tags?post=439"}],"curies":[{"name":"wp","href":"https:\/\/api.w.org\/{rel}","templated":true}]}}